{"id":1568,"date":"2026-01-19T14:52:59","date_gmt":"2026-01-19T13:52:59","guid":{"rendered":"https:\/\/creativup.eu\/?p=1568"},"modified":"2026-04-21T10:48:25","modified_gmt":"2026-04-21T08:48:25","slug":"appel-a-projets-2-2","status":"publish","type":"post","link":"https:\/\/creativup.eu\/nl\/appel-a-projets-2-2\/","title":{"rendered":"Oproep tot projecten #2"},"content":{"rendered":"<h4 class=\"wp-block-heading\">\u00ab&nbsp;<em>Le futur a besoin de souvenirs : &nbsp;concevoir des exp\u00e9riences immersives et interactives autour de la m\u00e9moire et du patrimoine<\/em>&nbsp;\u00bb<\/h4>\n\n\n\n<p>Deze projectoproep is bedoeld voor creatieve bedrijven, ontwerpers en kunstenaars die immersieve, audiovisuele en interactieve ervaringen willen ontwerpen en testen op basis van herinneringen en erfgoed. De verwachte projecten moeten concrete objecten (fysiek, digitaal of hybride) voorstellen waarmee een publiek op een innovatieve en boeiende manier kan interageren .<\/p>\n\n\n\n<p>Wij zijn op zoek naar projecten die&nbsp;<strong>technologie, storytelling en design<\/strong>&nbsp;combineren om herinneringen&nbsp;<strong>levend, interactief en toekomstgericht<\/strong>&nbsp;te maken \u2014 van immersieve installaties en audiovisuele of geanimeerde creaties tot geluidsgerichte ervaringen en gegamificeerde narratieven.<\/p>\n\n\n\n<p>Jouw uitdaging: herinneringen vertalen naar concrete realisaties zoals&nbsp;<strong>functionele prototypes, immersieve of audiovisuele installaties, interactieve of gegamificeerde digitale ervaringen.<\/strong>.<\/p>\n\n\n\n<p><strong>Ontdek hoe herinneringen en cultureel erfgoed op nieuwe manieren kunnen worden geherinterpreteerd en gepresenteerd<\/strong><\/p>\n\n\n\n<p>Projecten kunnen nieuwe vormen van toegang tot archieven voorstellen, herdenken hoe gebeurtenissen, praktijken of kennis uit het verleden worden weergegeven, of formats ontwerpen die mensen toelaten om zich op een hedendaagse en vernieuwende manier te verhouden tot historische, culturele of alledaagse herinneringen.<\/p>\n\n\n\n<p>Dit kan bijvoorbeeld inhouden:<\/p>\n\n\n\n<ul class=\"wp-block-list\">\n<li>Het ontwikkelen van een&nbsp;<strong>fysieke, digitale of hybride ervaring&nbsp;<\/strong>die nieuwe manieren biedt om herinneringen te verkennen of te begrijpen.<\/li>\n\n\n\n<li>Het herwerken van bestaande materialen, verhalen of data tot formats die&nbsp;<strong>toegankelijker, interactiever of aantrekkelijker zijn.<\/strong><\/li>\n\n\n\n<li>Het cre\u00ebren van tools, narratieven of installaties die&nbsp;<strong>verbanden blootleggen tussen verschillende elementen uit het verleden en hun relevantie vandaag<\/strong><\/li>\n<\/ul>\n\n\n\n<h5 class=\"wp-block-heading\">Terugverdientijd (ROI)<\/h5>\n\n\n\n<p>Deze oproep tot het indienen van projecten biedt een kans op multidisciplinaire begeleiding, waaronder:<\/p>\n\n\n\n<ul class=\"wp-block-list\">\n<li><strong>Technologische ondersteuning<\/strong>gebaseerd op de principes van open science.<\/li>\n\n\n\n<li><strong>Design- en artistieke expertise<\/strong>&nbsp;om jouw voorstellen te versterken en te onderscheiden.<\/li>\n\n\n\n<li><strong>Un regard \u00ab&nbsp;business&nbsp;\u00bb,<\/strong>&nbsp;om het economisch model van je project te structureren.<\/li>\n<\/ul>\n\n\n\n<p>Wij bieden u een unieke omgeving om uw idee\u00ebn tot leven te brengen:<\/p>\n\n\n\n<ul class=\"wp-block-list\">\n<li><strong>Een collectief van ge\u00ebngageerde partners<\/strong>dat klaarstaat om samen te werken aan technische, zakelijke, artistieke en\/of designoplossingen op maat van jouw project.<\/li>\n\n\n\n<li><strong>Specialisten tot uw dienst<\/strong>, die worden ingezet op basis van de specifieke behoeften van uw project<\/li>\n\n\n\n<li><strong>Uitzonderlijke infrastructuren<\/strong>, waaronder gratis toegang tot technische apparatuur en artistieke werkruimtes.<\/li>\n\n\n\n<li><strong>Verhoogde zichtbaarheid<\/strong>via communicatie-inspanningen van de partners: pers, evenementen en andere promotionele activiteiten.<\/li>\n<\/ul>\n\n\n\n<h5 class=\"wp-block-heading\"><strong>Doelgroep<\/strong><\/h5>\n\n\n\n<ul class=\"wp-block-list\">\n<li>Kleine en middelgrote ondernemingen (KMO\u2019s)<\/li>\n\n\n\n<li>Designers<\/li>\n\n\n\n<li>Kunstenaars<\/li>\n<\/ul>\n\n\n\n<h5 class=\"wp-block-heading\"><strong>Gezochte projecten &amp; criteria<\/strong><\/h5>\n\n\n\n<p>Nous recherchons des initiatives audacieuses, riches de sens, et id\u00e9alement porteuses d\u2019utilit\u00e9 sociale.<\/p>\n\n\n\n<h5 class=\"wp-block-heading\">Crit\u00e8res d\u2019\u00e9ligibilit\u00e9 :<\/h5>\n\n\n\n<ul class=\"wp-block-list\">\n<li>Le projet s\u2019inscrit dans le secteur des&nbsp;<a href=\"https:\/\/culture.ec.europa.eu\/cultural-and-creative-sectors\/cultural-and-creative-sectors\" target=\"_blank\" rel=\"noreferrer noopener\">Culturele en creatieve sector<\/a>.<\/li>\n\n\n\n<li>Regio: Projecten met impact in Hauts-de-France, Walloni\u00eb of West-Vlaanderen.<\/li>\n\n\n\n<li>Le demandeur (entreprise\/individu) est domicili\u00e9 dans la zone transfrontali\u00e8re ou le b\u00e9n\u00e9fice de son projet est identifi\u00e9 dans la zone d\u2019impact (Hauts-de-France, Wallonie, Flandre occidentale).<\/li>\n\n\n\n<li>Le niveau de maturit\u00e9 de votre projet doit \u00eatre sup\u00e9rieur ou \u00e9gal \u00e0 4, selon l\u2019\u00e9chelle MatMaX \u2013&nbsp;<a href=\"https:\/\/matmax.wsl.be\" target=\"_blank\" rel=\"noreferrer noopener\"><mark>https:\/\/matmax.wsl.be<\/mark><\/a><\/li>\n<\/ul>\n\n\n\n<p><em>Opmerking: deze projectoproep voorziet niet in een begrotingsmiddelen. Er wordt wel gefinancierde expertise aangeboden, die wordt gewaardeerd als \u201cde minimis\u201d-steun.<\/em><br><em>Ce programme de soutien a \u00e9t\u00e9 rendu possible par l\u2019octroi d\u2019une partie des aides du r\u00e9gime \u00ab de minimis \u00bb. Ce soutien peut donc \u00eatre assimil\u00e9 \u00e0 une aide publique au sens des r\u00e8glements relatifs \u00e0 l\u2019utilisation de services de conseil et de soutien \u00e0 l\u2019innovation. En vertu de l\u2019application du r\u00e8glement \u00ab de minimis \u00bb n\u00b0 2023\/2831 de la Commission du 13 d\u00e9cembre 2023, publi\u00e9 au Journal officiel de l\u2019Union europ\u00e9enne du 15 d\u00e9cembre 2023, le montant total de l\u2019ensemble des aides per\u00e7ues par une entreprise, quelle que soit sa taille, ne peut exc\u00e9der 300 000 \u20ac sur une p\u00e9riode de 3 ans. A ce titre, il pourra \u00eatre demand\u00e9 au candidat, le cas \u00e9ch\u00e9ant, de remplir et signer une attestation \u00ab de minimis \u00bb (qui sera fournie par Creativ\u2019Up).<\/em><\/p>\n\n\n\n<h5 class=\"wp-block-heading\"><strong>Etapes li\u00e9es \u00e0 votre candidature \u2013 Date de lancement : 19 janvier 2026<\/strong><\/h5>\n\n\n\n<h5 class=\"wp-block-heading\">Stuur uw aanvraag in een paar minuten in<\/h5>\n\n\n\n<p>Vul het online formulier hieronder in v\u00f3\u00f3r&nbsp;<strong>19 februari 2026<\/strong>&nbsp;om&nbsp;<strong>11:59 PM<\/strong>. D\u2019un point de vue pratique, si vous postulez \u00e0 l\u2019appel \u00e0 projets, bloquez d\u00e8s \u00e0 pr\u00e9sent la date du&nbsp;<strong>5 mars 2026<\/strong>.<\/p>\n\n\n\n\n\n\n\n<h5 class=\"wp-block-heading\">Apr\u00e8s la cl\u00f4ture de l\u2019appel \u00e0 projets<\/h5>\n\n\n\n<p>Le&nbsp;<strong>27 februari 2026<\/strong>&nbsp;, vous serez inform\u00e9 de votre \u00e9ligibilit\u00e9 au soutien de Creativ\u2019Up.<br>Indien nodig nemen wij contact met u op voor aanvullende informatie.<\/p>\n\n\n\n<h5 class=\"wp-block-heading\">Als uw project wordt geselecteerd<\/h5>\n\n\n\n<p>Vous serez convi\u00e9 \u00e0 un comit\u00e9 de s\u00e9lection le 5 mars 2026. Une invitation avec l\u2019heure et l\u2019adresse pr\u00e9cises vous sera envoy\u00e9e par e-mail.<br>Tijdens deze sessie van 20 minuten moet u:<\/p>\n\n\n\n<ul class=\"wp-block-list\">\n<li>Uw project en uw behoeften voorstellen.<\/li>\n\n\n\n<li>Vragen van aanwezige partners beantwoorden.<\/li>\n<\/ul>\n\n\n\n<p>Het comit\u00e9 zal alle partners bijeenbrengen om de projecten te evalueren en de samenwerkingsvoorwaarden vast te stellen.<\/p>\n\n\n\n<h5 class=\"wp-block-heading\"><strong>Termijnen<\/strong><\/h5>\n\n\n\n<p><strong>Deadline aanvraag<\/strong>&nbsp;19 februari 2026, om 23:59 uur.<br><strong>Selectiegesprekken<\/strong>&nbsp;5 mars 2026 (les d\u00e9tails concernant l\u2019heure et le lieu seront envoy\u00e9s par courrier \u00e9lectronique aux candidats s\u00e9lectionn\u00e9s).<\/p>\n\n\n\n<p><strong>Samenstelling van de selectiejury:<\/strong><\/p>\n\n\n\n<ul class=\"wp-block-list\">\n<li>Emmanuel LONCA \u2013&nbsp;<em>Onderzoeksingenieur<\/em>&nbsp;\/\/<a href=\"https:\/\/www.univ-artois.fr\/\" target=\"_blank\" rel=\"noreferrer noopener\"><strong>Centre de Recherche en Informatique de Lens -CNRS, Universit\u00e9 d\u2019Artois<\/strong><\/a><\/li>\n\n\n\n<li>St\u00e9phanie ROBIN \u2013&nbsp;<em>Bestuurder<\/em>&nbsp;\/\/<a href=\"https:\/\/www.lefresnoy.net\/\" target=\"_blank\" rel=\"noreferrer noopener\"><strong>Le Fresnoy \u2013 Studio national des arts contemporains<\/strong><\/a><\/li>\n\n\n\n<li>Vincent GARIAZZO \u2013&nbsp;<em>Verantwoordelijke voor ontwikkeling en innovatie<\/em>&nbsp;\/\/&nbsp;<a href=\"https:\/\/www.louvrelensvallee.com\/\" target=\"_blank\" rel=\"noreferrer noopener\"><strong>Louvre-Lens Vall\u00e9e<\/strong><\/a><\/li>\n\n\n\n<li>Mathilde LANI \u2013&nbsp;<em>Projectmanager<\/em>&nbsp;\/\/&nbsp;<a href=\"https:\/\/www.mons.be\/fr\" target=\"_blank\" rel=\"noreferrer noopener\"><strong>Ville de Mons<\/strong><\/a><\/li>\n\n\n\n<li>Lo\u00efc REBOURSIERE \u2013&nbsp;<em>Technical Project Manager<\/em>&nbsp;\/\/&nbsp;<a href=\"https:\/\/le-click.be\/\" target=\"_blank\" rel=\"noreferrer noopener\"><strong>Le CLICK \u2013 Universit\u00e9 de Mons<\/strong><\/a><\/li>\n\n\n\n<li>Aur\u00e9lien TESTELIN \u2013&nbsp;<em>AI Projectmanager<\/em>&nbsp;\/\/&nbsp;<a href=\"https:\/\/le-click.be\/\" target=\"_blank\" rel=\"noreferrer noopener\"><strong>Le CLICK \u2013 Universit\u00e9 de Mons<\/strong><\/a><\/li>\n\n\n\n<li>Ma\u00eft\u00e9 DEBRY \u2013&nbsp;<em>Business and Knowledge Manager<\/em>&nbsp;\/\/&nbsp;<a href=\"https:\/\/www.twist-cluster.com\/\" target=\"_blank\" rel=\"noreferrer noopener\"><strong>TWIST Cluster<\/strong><\/a><\/li>\n\n\n\n<li>Lise VAN TENDELOO \u2013&nbsp;<em>Projectmanager<\/em>&nbsp;\/\/&nbsp;<a href=\"https:\/\/designregio-kortrijk.be\/\" target=\"_blank\" rel=\"noreferrer noopener\"><strong>Design Regio Kortrijk<\/strong><\/a><\/li>\n\n\n\n<li>Filip DANIELS \u2013&nbsp;<em>Designer by education, lecturer &amp; research coordinator<\/em>&nbsp;\/\/&nbsp;<a href=\"https:\/\/www.howest.be\/en\" target=\"_blank\" rel=\"noreferrer noopener\"><strong>HOWEST<\/strong><\/a><\/li>\n\n\n\n<li>Sarah KEYMEULEN \u2013&nbsp;<em>Directeur<\/em>&nbsp;\/\/&nbsp;<a href=\"https:\/\/www.abbykortrijk.be\/\" target=\"_blank\" rel=\"noreferrer noopener\"><strong>Abby Museum<\/strong><\/a><\/li>\n<\/ul>\n\n\n\n<p><strong>Start programma<\/strong>&nbsp;11 maart 2026 , afhankelijk van de specifieke kenmerken van elk project.<br><strong>Duur van het programma<\/strong>&nbsp;3 tot 6 maanden, afhankelijk van de behoeften van het project.<\/p>\n\n\n\n<p>Meer informatie over onze&nbsp;<strong>expertise&nbsp;<\/strong>en onze&nbsp;<strong>en infrastructuur<\/strong>.<\/p>\n\n\n\n<div class=\"wp-block-buttons is-content-justification-center is-layout-flex wp-container-core-buttons-is-layout-a89b3969 wp-block-buttons-is-layout-flex\">\n<div class=\"wp-block-button\"><a class=\"wp-block-button__link has-kubio-color-1-color has-kubio-color-3-background-color has-text-color has-background has-link-color has-text-align-center wp-element-button\" style=\"border-top-left-radius:15px;border-top-right-radius:15px;border-bottom-left-radius:15px;border-bottom-right-radius:15px\"><strong>Meer informatie<\/strong><\/a><\/div>\n<\/div>\n\n\n\n<p><\/p>","protected":false},"excerpt":{"rendered":"<p>\u00ab&nbsp;Le futur a besoin de souvenirs : &nbsp;concevoir des exp\u00e9riences immersives et interactives autour de la m\u00e9moire et du patrimoine&nbsp;\u00bb Cet appel \u00e0 projets s\u2019adresse aux entreprises cr\u00e9atives, designers et artistes souhaitant concevoir et tester des exp\u00e9riences immersives, audiovisuelles et interactives \u00e0 partir de la m\u00e9moire et du patrimoine. Les projets attendus devront proposer des [&hellip;]<\/p>\n","protected":false},"author":1,"featured_media":1262,"comment_status":"open","ping_status":"open","sticky":false,"template":"","format":"standard","meta":{"saved_in_kubio":false,"_themeisle_gutenberg_block_has_review":false,"footnotes":""},"categories":[22],"tags":[],"class_list":["post-1568","post","type-post","status-publish","format-standard","has-post-thumbnail","hentry","category-projets"],"yoast_head":"<!-- This site is optimized with the Yoast SEO plugin v27.4 - https:\/\/yoast.com\/product\/yoast-seo-wordpress\/ -->\n<title>Appel \u00e0 projets #2 - CreativUp<\/title>\n<meta name=\"description\" content=\"Cet appel \u00e0 projets s\u2019adresse aux entreprises cr\u00e9atives, designers et artistes souhaitant concevoir et tester des exp\u00e9riences immersives, audiovisuelles et interactives \u00e0 partir de la m\u00e9moire et du patrimoine.\" \/>\n<meta name=\"robots\" content=\"index, follow, max-snippet:-1, max-image-preview:large, max-video-preview:-1\" \/>\n<link rel=\"canonical\" href=\"https:\/\/creativup.eu\/nl\/appel-a-projets-2-2\/\" \/>\n<meta property=\"og:locale\" content=\"nl_BE\" \/>\n<meta property=\"og:type\" content=\"article\" \/>\n<meta property=\"og:title\" content=\"Appel \u00e0 projets #2 - CreativUp\" \/>\n<meta property=\"og:description\" content=\"Cet appel \u00e0 projets s\u2019adresse aux entreprises cr\u00e9atives, designers et artistes souhaitant concevoir et tester des exp\u00e9riences immersives, audiovisuelles et interactives \u00e0 partir de la m\u00e9moire et du patrimoine.\" \/>\n<meta property=\"og:url\" content=\"https:\/\/creativup.eu\/nl\/appel-a-projets-2-2\/\" \/>\n<meta property=\"og:site_name\" content=\"CreativUp\" \/>\n<meta property=\"article:published_time\" content=\"2026-01-19T13:52:59+00:00\" \/>\n<meta property=\"article:modified_time\" content=\"2026-04-21T08:48:25+00:00\" \/>\n<meta property=\"og:image\" content=\"https:\/\/creativup.eu\/app\/uploads\/2026\/01\/20260119_Call_for_projects_2_FR-e1769000041871.png\" \/>\n\t<meta property=\"og:image:width\" content=\"700\" \/>\n\t<meta property=\"og:image:height\" content=\"700\" \/>\n\t<meta property=\"og:image:type\" content=\"image\/png\" \/>\n<meta name=\"author\" content=\"creativup\" \/>\n<meta name=\"twitter:card\" content=\"summary_large_image\" \/>\n<meta name=\"twitter:label1\" content=\"Geschreven door\" \/>\n\t<meta name=\"twitter:data1\" content=\"creativup\" \/>\n\t<meta name=\"twitter:label2\" content=\"Geschatte leestijd\" \/>\n\t<meta name=\"twitter:data2\" content=\"6 minuten\" \/>\n<script type=\"application\/ld+json\" class=\"yoast-schema-graph\">{\"@context\":\"https:\\\/\\\/schema.org\",\"@graph\":[{\"@type\":\"Article\",\"@id\":\"https:\\\/\\\/creativup.eu\\\/nl\\\/appel-a-projets-2-2\\\/#article\",\"isPartOf\":{\"@id\":\"https:\\\/\\\/creativup.eu\\\/nl\\\/appel-a-projets-2-2\\\/\"},\"author\":{\"name\":\"creativup\",\"@id\":\"https:\\\/\\\/creativup.eu\\\/nl\\\/#\\\/schema\\\/person\\\/641c76b6eaaaa3272f0ba717f3208d7c\"},\"headline\":\"Appel \u00e0 projets #2\",\"datePublished\":\"2026-01-19T13:52:59+00:00\",\"dateModified\":\"2026-04-21T08:48:25+00:00\",\"mainEntityOfPage\":{\"@id\":\"https:\\\/\\\/creativup.eu\\\/nl\\\/appel-a-projets-2-2\\\/\"},\"wordCount\":1147,\"commentCount\":0,\"publisher\":{\"@id\":\"https:\\\/\\\/creativup.eu\\\/nl\\\/#organization\"},\"image\":{\"@id\":\"https:\\\/\\\/creativup.eu\\\/nl\\\/appel-a-projets-2-2\\\/#primaryimage\"},\"thumbnailUrl\":\"https:\\\/\\\/creativup.eu\\\/app\\\/uploads\\\/2026\\\/01\\\/20260119_Call_for_projects_2_FR-e1769000041871.png\",\"articleSection\":[\"Projets\"],\"inLanguage\":\"nl-BE\",\"potentialAction\":[{\"@type\":\"CommentAction\",\"name\":\"Comment\",\"target\":[\"https:\\\/\\\/creativup.eu\\\/nl\\\/appel-a-projets-2-2\\\/#respond\"]}]},{\"@type\":\"WebPage\",\"@id\":\"https:\\\/\\\/creativup.eu\\\/nl\\\/appel-a-projets-2-2\\\/\",\"url\":\"https:\\\/\\\/creativup.eu\\\/nl\\\/appel-a-projets-2-2\\\/\",\"name\":\"Appel \u00e0 projets #2 - CreativUp\",\"isPartOf\":{\"@id\":\"https:\\\/\\\/creativup.eu\\\/nl\\\/#website\"},\"primaryImageOfPage\":{\"@id\":\"https:\\\/\\\/creativup.eu\\\/nl\\\/appel-a-projets-2-2\\\/#primaryimage\"},\"image\":{\"@id\":\"https:\\\/\\\/creativup.eu\\\/nl\\\/appel-a-projets-2-2\\\/#primaryimage\"},\"thumbnailUrl\":\"https:\\\/\\\/creativup.eu\\\/app\\\/uploads\\\/2026\\\/01\\\/20260119_Call_for_projects_2_FR-e1769000041871.png\",\"datePublished\":\"2026-01-19T13:52:59+00:00\",\"dateModified\":\"2026-04-21T08:48:25+00:00\",\"description\":\"Cet appel \u00e0 projets s\u2019adresse aux entreprises cr\u00e9atives, designers et artistes souhaitant concevoir et tester des exp\u00e9riences immersives, audiovisuelles et interactives \u00e0 partir de la m\u00e9moire et du patrimoine.\",\"breadcrumb\":{\"@id\":\"https:\\\/\\\/creativup.eu\\\/nl\\\/appel-a-projets-2-2\\\/#breadcrumb\"},\"inLanguage\":\"nl-BE\",\"potentialAction\":[{\"@type\":\"ReadAction\",\"target\":[\"https:\\\/\\\/creativup.eu\\\/nl\\\/appel-a-projets-2-2\\\/\"]}]},{\"@type\":\"ImageObject\",\"inLanguage\":\"nl-BE\",\"@id\":\"https:\\\/\\\/creativup.eu\\\/nl\\\/appel-a-projets-2-2\\\/#primaryimage\",\"url\":\"https:\\\/\\\/creativup.eu\\\/app\\\/uploads\\\/2026\\\/01\\\/20260119_Call_for_projects_2_FR-e1769000041871.png\",\"contentUrl\":\"https:\\\/\\\/creativup.eu\\\/app\\\/uploads\\\/2026\\\/01\\\/20260119_Call_for_projects_2_FR-e1769000041871.png\",\"width\":700,\"height\":700},{\"@type\":\"BreadcrumbList\",\"@id\":\"https:\\\/\\\/creativup.eu\\\/nl\\\/appel-a-projets-2-2\\\/#breadcrumb\",\"itemListElement\":[{\"@type\":\"ListItem\",\"position\":1,\"name\":\"Accueil\",\"item\":\"https:\\\/\\\/creativup.eu\\\/nl\\\/\"},{\"@type\":\"ListItem\",\"position\":2,\"name\":\"Appel \u00e0 projets #2\"}]},{\"@type\":\"WebSite\",\"@id\":\"https:\\\/\\\/creativup.eu\\\/nl\\\/#website\",\"url\":\"https:\\\/\\\/creativup.eu\\\/nl\\\/\",\"name\":\"CreativUp\",\"description\":\"\",\"publisher\":{\"@id\":\"https:\\\/\\\/creativup.eu\\\/nl\\\/#organization\"},\"potentialAction\":[{\"@type\":\"SearchAction\",\"target\":{\"@type\":\"EntryPoint\",\"urlTemplate\":\"https:\\\/\\\/creativup.eu\\\/nl\\\/?s={search_term_string}\"},\"query-input\":{\"@type\":\"PropertyValueSpecification\",\"valueRequired\":true,\"valueName\":\"search_term_string\"}}],\"inLanguage\":\"nl-BE\"},{\"@type\":\"Organization\",\"@id\":\"https:\\\/\\\/creativup.eu\\\/nl\\\/#organization\",\"name\":\"CreativUp\",\"url\":\"https:\\\/\\\/creativup.eu\\\/nl\\\/\",\"logo\":{\"@type\":\"ImageObject\",\"inLanguage\":\"nl-BE\",\"@id\":\"https:\\\/\\\/creativup.eu\\\/nl\\\/#\\\/schema\\\/logo\\\/image\\\/\",\"url\":\"https:\\\/\\\/creativup.eu\\\/app\\\/uploads\\\/2025\\\/05\\\/logo-CreativUp-RVB-4.jpg\",\"contentUrl\":\"https:\\\/\\\/creativup.eu\\\/app\\\/uploads\\\/2025\\\/05\\\/logo-CreativUp-RVB-4.jpg\",\"width\":1496,\"height\":689,\"caption\":\"CreativUp\"},\"image\":{\"@id\":\"https:\\\/\\\/creativup.eu\\\/nl\\\/#\\\/schema\\\/logo\\\/image\\\/\"},\"sameAs\":[\"https:\\\/\\\/www.linkedin.com\\\/company\\\/105496890\\\/\",\"https:\\\/\\\/www.instagram.com\\\/creativupinterreg\",\"https:\\\/\\\/www.youtube.com\\\/@CreativUp\"]},{\"@type\":\"Person\",\"@id\":\"https:\\\/\\\/creativup.eu\\\/nl\\\/#\\\/schema\\\/person\\\/641c76b6eaaaa3272f0ba717f3208d7c\",\"name\":\"creativup\",\"image\":{\"@type\":\"ImageObject\",\"inLanguage\":\"nl-BE\",\"@id\":\"https:\\\/\\\/secure.gravatar.com\\\/avatar\\\/6f49ae00f329c7fd6a1d5933f0d32abac86c7c5fa0618a48030c53716f5913ec?s=96&d=mm&r=g\",\"url\":\"https:\\\/\\\/secure.gravatar.com\\\/avatar\\\/6f49ae00f329c7fd6a1d5933f0d32abac86c7c5fa0618a48030c53716f5913ec?s=96&d=mm&r=g\",\"contentUrl\":\"https:\\\/\\\/secure.gravatar.com\\\/avatar\\\/6f49ae00f329c7fd6a1d5933f0d32abac86c7c5fa0618a48030c53716f5913ec?s=96&d=mm&r=g\",\"caption\":\"creativup\"},\"sameAs\":[\"https:\\\/\\\/creativup.eu\\\/wordpress\"],\"url\":\"https:\\\/\\\/creativup.eu\\\/nl\\\/author\\\/creativup\\\/\"}]}<\/script>\n<!-- \/ Yoast SEO plugin. -->","yoast_head_json":{"title":"Appel \u00e0 projets #2 - CreativUp","description":"Cet appel \u00e0 projets s\u2019adresse aux entreprises cr\u00e9atives, designers et artistes souhaitant concevoir et tester des exp\u00e9riences immersives, audiovisuelles et interactives \u00e0 partir de la m\u00e9moire et du patrimoine.","robots":{"index":"index","follow":"follow","max-snippet":"max-snippet:-1","max-image-preview":"max-image-preview:large","max-video-preview":"max-video-preview:-1"},"canonical":"https:\/\/creativup.eu\/nl\/appel-a-projets-2-2\/","og_locale":"nl_BE","og_type":"article","og_title":"Appel \u00e0 projets #2 - CreativUp","og_description":"Cet appel \u00e0 projets s\u2019adresse aux entreprises cr\u00e9atives, designers et artistes souhaitant concevoir et tester des exp\u00e9riences immersives, audiovisuelles et interactives \u00e0 partir de la m\u00e9moire et du patrimoine.","og_url":"https:\/\/creativup.eu\/nl\/appel-a-projets-2-2\/","og_site_name":"CreativUp","article_published_time":"2026-01-19T13:52:59+00:00","article_modified_time":"2026-04-21T08:48:25+00:00","og_image":[{"width":700,"height":700,"url":"https:\/\/creativup.eu\/app\/uploads\/2026\/01\/20260119_Call_for_projects_2_FR-e1769000041871.png","type":"image\/png"}],"author":"creativup","twitter_card":"summary_large_image","twitter_misc":{"Geschreven door":"creativup","Geschatte leestijd":"6 minuten"},"schema":{"@context":"https:\/\/schema.org","@graph":[{"@type":"Article","@id":"https:\/\/creativup.eu\/nl\/appel-a-projets-2-2\/#article","isPartOf":{"@id":"https:\/\/creativup.eu\/nl\/appel-a-projets-2-2\/"},"author":{"name":"creativup","@id":"https:\/\/creativup.eu\/nl\/#\/schema\/person\/641c76b6eaaaa3272f0ba717f3208d7c"},"headline":"Appel \u00e0 projets #2","datePublished":"2026-01-19T13:52:59+00:00","dateModified":"2026-04-21T08:48:25+00:00","mainEntityOfPage":{"@id":"https:\/\/creativup.eu\/nl\/appel-a-projets-2-2\/"},"wordCount":1147,"commentCount":0,"publisher":{"@id":"https:\/\/creativup.eu\/nl\/#organization"},"image":{"@id":"https:\/\/creativup.eu\/nl\/appel-a-projets-2-2\/#primaryimage"},"thumbnailUrl":"https:\/\/creativup.eu\/app\/uploads\/2026\/01\/20260119_Call_for_projects_2_FR-e1769000041871.png","articleSection":["Projets"],"inLanguage":"nl-BE","potentialAction":[{"@type":"CommentAction","name":"Comment","target":["https:\/\/creativup.eu\/nl\/appel-a-projets-2-2\/#respond"]}]},{"@type":"WebPage","@id":"https:\/\/creativup.eu\/nl\/appel-a-projets-2-2\/","url":"https:\/\/creativup.eu\/nl\/appel-a-projets-2-2\/","name":"Appel \u00e0 projets #2 - CreativUp","isPartOf":{"@id":"https:\/\/creativup.eu\/nl\/#website"},"primaryImageOfPage":{"@id":"https:\/\/creativup.eu\/nl\/appel-a-projets-2-2\/#primaryimage"},"image":{"@id":"https:\/\/creativup.eu\/nl\/appel-a-projets-2-2\/#primaryimage"},"thumbnailUrl":"https:\/\/creativup.eu\/app\/uploads\/2026\/01\/20260119_Call_for_projects_2_FR-e1769000041871.png","datePublished":"2026-01-19T13:52:59+00:00","dateModified":"2026-04-21T08:48:25+00:00","description":"Cet appel \u00e0 projets s\u2019adresse aux entreprises cr\u00e9atives, designers et artistes souhaitant concevoir et tester des exp\u00e9riences immersives, audiovisuelles et interactives \u00e0 partir de la m\u00e9moire et du patrimoine.","breadcrumb":{"@id":"https:\/\/creativup.eu\/nl\/appel-a-projets-2-2\/#breadcrumb"},"inLanguage":"nl-BE","potentialAction":[{"@type":"ReadAction","target":["https:\/\/creativup.eu\/nl\/appel-a-projets-2-2\/"]}]},{"@type":"ImageObject","inLanguage":"nl-BE","@id":"https:\/\/creativup.eu\/nl\/appel-a-projets-2-2\/#primaryimage","url":"https:\/\/creativup.eu\/app\/uploads\/2026\/01\/20260119_Call_for_projects_2_FR-e1769000041871.png","contentUrl":"https:\/\/creativup.eu\/app\/uploads\/2026\/01\/20260119_Call_for_projects_2_FR-e1769000041871.png","width":700,"height":700},{"@type":"BreadcrumbList","@id":"https:\/\/creativup.eu\/nl\/appel-a-projets-2-2\/#breadcrumb","itemListElement":[{"@type":"ListItem","position":1,"name":"Accueil","item":"https:\/\/creativup.eu\/nl\/"},{"@type":"ListItem","position":2,"name":"Appel \u00e0 projets #2"}]},{"@type":"WebSite","@id":"https:\/\/creativup.eu\/nl\/#website","url":"https:\/\/creativup.eu\/nl\/","name":"CreativUp","description":"","publisher":{"@id":"https:\/\/creativup.eu\/nl\/#organization"},"potentialAction":[{"@type":"SearchAction","target":{"@type":"EntryPoint","urlTemplate":"https:\/\/creativup.eu\/nl\/?s={search_term_string}"},"query-input":{"@type":"PropertyValueSpecification","valueRequired":true,"valueName":"search_term_string"}}],"inLanguage":"nl-BE"},{"@type":"Organization","@id":"https:\/\/creativup.eu\/nl\/#organization","name":"CreativUp","url":"https:\/\/creativup.eu\/nl\/","logo":{"@type":"ImageObject","inLanguage":"nl-BE","@id":"https:\/\/creativup.eu\/nl\/#\/schema\/logo\/image\/","url":"https:\/\/creativup.eu\/app\/uploads\/2025\/05\/logo-CreativUp-RVB-4.jpg","contentUrl":"https:\/\/creativup.eu\/app\/uploads\/2025\/05\/logo-CreativUp-RVB-4.jpg","width":1496,"height":689,"caption":"CreativUp"},"image":{"@id":"https:\/\/creativup.eu\/nl\/#\/schema\/logo\/image\/"},"sameAs":["https:\/\/www.linkedin.com\/company\/105496890\/","https:\/\/www.instagram.com\/creativupinterreg","https:\/\/www.youtube.com\/@CreativUp"]},{"@type":"Person","@id":"https:\/\/creativup.eu\/nl\/#\/schema\/person\/641c76b6eaaaa3272f0ba717f3208d7c","name":"creativup","image":{"@type":"ImageObject","inLanguage":"nl-BE","@id":"https:\/\/secure.gravatar.com\/avatar\/6f49ae00f329c7fd6a1d5933f0d32abac86c7c5fa0618a48030c53716f5913ec?s=96&d=mm&r=g","url":"https:\/\/secure.gravatar.com\/avatar\/6f49ae00f329c7fd6a1d5933f0d32abac86c7c5fa0618a48030c53716f5913ec?s=96&d=mm&r=g","contentUrl":"https:\/\/secure.gravatar.com\/avatar\/6f49ae00f329c7fd6a1d5933f0d32abac86c7c5fa0618a48030c53716f5913ec?s=96&d=mm&r=g","caption":"creativup"},"sameAs":["https:\/\/creativup.eu\/wordpress"],"url":"https:\/\/creativup.eu\/nl\/author\/creativup\/"}]}},"_links":{"self":[{"href":"https:\/\/creativup.eu\/nl\/wp-json\/wp\/v2\/posts\/1568","targetHints":{"allow":["GET"]}}],"collection":[{"href":"https:\/\/creativup.eu\/nl\/wp-json\/wp\/v2\/posts"}],"about":[{"href":"https:\/\/creativup.eu\/nl\/wp-json\/wp\/v2\/types\/post"}],"author":[{"embeddable":true,"href":"https:\/\/creativup.eu\/nl\/wp-json\/wp\/v2\/users\/1"}],"replies":[{"embeddable":true,"href":"https:\/\/creativup.eu\/nl\/wp-json\/wp\/v2\/comments?post=1568"}],"version-history":[{"count":3,"href":"https:\/\/creativup.eu\/nl\/wp-json\/wp\/v2\/posts\/1568\/revisions"}],"predecessor-version":[{"id":1589,"href":"https:\/\/creativup.eu\/nl\/wp-json\/wp\/v2\/posts\/1568\/revisions\/1589"}],"wp:featuredmedia":[{"embeddable":true,"href":"https:\/\/creativup.eu\/nl\/wp-json\/wp\/v2\/media\/1262"}],"wp:attachment":[{"href":"https:\/\/creativup.eu\/nl\/wp-json\/wp\/v2\/media?parent=1568"}],"wp:term":[{"taxonomy":"category","embeddable":true,"href":"https:\/\/creativup.eu\/nl\/wp-json\/wp\/v2\/categories?post=1568"},{"taxonomy":"post_tag","embeddable":true,"href":"https:\/\/creativup.eu\/nl\/wp-json\/wp\/v2\/tags?post=1568"}],"curies":[{"name":"wp","href":"https:\/\/api.w.org\/{rel}","templated":true}]}}