{"id":1250,"date":"2026-01-21T14:06:50","date_gmt":"2026-01-21T13:06:50","guid":{"rendered":"https:\/\/creativup.eu\/?p=1250"},"modified":"2026-04-21T10:57:03","modified_gmt":"2026-04-21T08:57:03","slug":"appel-a-projets-2","status":"publish","type":"post","link":"https:\/\/creativup.eu\/nl\/appel-a-projets-2\/","title":{"rendered":"Oproep tot projecten #2"},"content":{"rendered":"<h2 class=\"wp-block-heading\" style=\"font-size:26px\"><strong>\u00ab\u00a0<em>Ontwerp meeslepende en interactieve ervaringen rond herinneringen en erfgoed<\/em>\u00a0\u00bb<\/strong><\/h2>\n\n\n\n<p style=\"font-size:14px\">Immersieve installaties, geluidsverhalen, gegamificeerde ervaringen, interactieve prototypes\u2026<\/p>\n\n\n\n<p style=\"font-size:14px\">Deze projectoproep is bedoeld voor creatieve bedrijven, ontwerpers en kunstenaars die immersieve, audiovisuele en interactieve ervaringen willen ontwerpen en testen op basis van herinneringen en erfgoed. De verwachte projecten moeten concrete objecten (fysiek, digitaal of hybride) voorstellen waarmee een publiek op een innovatieve en boeiende manier kan interageren .<\/p>\n\n\n\n<p style=\"font-size:14px\"><strong>Als deze kwesties u aanspreken, reageer dan op onze oproep tot het indienen van projecten!<\/strong><\/p>\n\n\n\n<h4 class=\"wp-block-heading\" style=\"font-size:18px\"><strong>\ud83d\udd0e Wie kan solliciteren?<\/strong><\/h4>\n\n\n\n<ul class=\"wp-block-list\">\n<li style=\"font-size:14px\">Kleine en middelgrote ondernemingen (KMO\u2019s)<\/li>\n\n\n\n<li style=\"font-size:14px\">Designers<\/li>\n\n\n\n<li style=\"font-size:14px\">Kunstenaars<\/li>\n<\/ul>\n\n\n\n<h4 class=\"wp-block-heading\" style=\"font-size:18px\"><strong>\ud83d\udcbb \ud835\udc16\ud835\udc1a\ud835\udc1a\ud835\udc2b\ud835\udc28\ud835\udc26 \ud835\udc26\ud835\udc1e\ud835\udc1e\ud835\udc1d\ud835\udc28\ud835\udc1e\ud835\udc27 ?<\/strong><\/h4>\n\n\n\n<p style=\"font-size:14px\">Deze oproep tot het indienen van projecten biedt een kans op multidisciplinaire begeleiding, waaronder:<\/p>\n\n\n\n<ul class=\"wp-block-list\">\n<li style=\"font-size:14px\"><strong>Technologische ondersteuning<\/strong>gebaseerd op de principes van open science.<\/li>\n\n\n\n<li style=\"font-size:14px\"><strong>Design- en artistieke expertise<\/strong> om jouw voorstellen te versterken en te onderscheiden.<\/li>\n\n\n\n<li style=\"font-size:14px\"><strong>Un regard \u00ab&nbsp;business&nbsp;\u00bb<\/strong>, pour structurer le mod\u00e8le \u00e9conomique de votre projet<\/li>\n<\/ul>\n\n\n\n<p style=\"font-size:14px\">Wij bieden u een unieke omgeving om uw idee\u00ebn tot leven te brengen:<\/p>\n\n\n\n<ul class=\"wp-block-list\">\n<li style=\"font-size:14px\"><strong>Een collectief van ge\u00ebngageerde partners<\/strong>dat klaarstaat om samen te werken aan technische, zakelijke, artistieke en\/of designoplossingen op maat van jouw project.<\/li>\n\n\n\n<li style=\"font-size:14px\"><strong>Specialisten<\/strong>die, afhankelijk van de specifieke noden van je project, worden ingezet om je traject te ondersteunen en samen te ontwikkelen.<\/li>\n\n\n\n<li style=\"font-size:14px\"><strong>Uitzonderlijke infrastructuren<\/strong>, waaronder gratis toegang tot technische apparatuur en artistieke werkruimtes.<\/li>\n\n\n\n<li style=\"font-size:14px\"><strong>Verhoogde zichtbaarheid<\/strong>via communicatie-inspanningen van de partners: pers, evenementen en andere promotionele activiteiten.<\/li>\n<\/ul>\n\n\n\n<p style=\"font-size:14px\"><em><strong>Opmerking<\/strong> : deze oproep tot het indienen van projecten voorziet niet in een begrotingsmiddelen. Hij biedt gefinancierde expertise, die wordt gewaardeerd als \u201cde minimis\u201d-steun.<\/em><\/p>\n\n\n\n<h4 class=\"wp-block-heading\" style=\"font-size:18px\"><strong>\ud835\udc01\ud835\udc1e\ud835\udc25\ud835\udc1a\ud835\udc27\ud835\udc20\ud835\udc2b\ud835\udc22\ud835\udc23\ud835\udc24\ud835\udc1e \ud835\udc1d\ud835\udc1a\ud835\udc2d\ud835\udc1a<\/strong><\/h4>\n\n\n\n<p style=\"font-size:14px\">\ud83d\udcc5 <strong>Date limite de d\u00e9p\u00f4t des candidatures :<\/strong> 19 f\u00e9vrier 2026 (23h59)<\/p>\n\n\n\n<p style=\"font-size:14px\">\ud83d\udcc5 <strong>Comit\u00e9 de s\u00e9lection :<\/strong> 5 mars 2026<\/p>\n\n\n\n<p style=\"font-size:14px\">\ud83d\udcc5 <strong>D\u00e9marrage de l\u2019accompagnement :<\/strong> 11 mars 2026<\/p>\n\n\n\n<p style=\"font-size:14px\">\ud83d\udcc5 <strong>Dur\u00e9e :<\/strong> 3 \u00e0 6 mois selon le projet<\/p>\n\n\n\n<div class=\"wp-block-buttons is-layout-flex wp-block-buttons-is-layout-flex\">\n<div class=\"wp-block-button is-style-fill\"><a class=\"wp-block-button__link has-kubio-color-5-color has-kubio-color-1-background-color has-text-color has-background has-link-color wp-element-button\" href=\"https:\/\/creativup.eu\/nl\/appel-a-projets\/\">Toelatingscriteria<\/a><\/div>\n<\/div>\n\n\n\n<div class=\"wp-block-buttons is-layout-flex wp-block-buttons-is-layout-flex\">\n<div class=\"wp-block-button\"><a class=\"wp-block-button__link has-kubio-color-6-color has-kubio-color-3-background-color has-text-color has-background has-link-color wp-element-button\" href=\"https:\/\/creativup.eu\/nl\/appel-a-projets\/\">Formulier<\/a><\/div>\n<\/div>\n\n\n\n<p><\/p>","protected":false},"excerpt":{"rendered":"<p>Appel \u00e0 projets #2 &#8211; Concevoir des exp\u00e9riences immersives et interactives autour de la m\u00e9moire et du patrimoine<\/p>","protected":false},"author":1,"featured_media":1262,"comment_status":"closed","ping_status":"closed","sticky":false,"template":"","format":"standard","meta":{"saved_in_kubio":true,"_themeisle_gutenberg_block_has_review":false,"footnotes":""},"categories":[30],"tags":[32],"class_list":["post-1250","post","type-post","status-publish","format-standard","has-post-thumbnail","hentry","category-appel-a-projets","tag-appel-a-projets-2"],"yoast_head":"<!-- This site is optimized with the Yoast SEO plugin v27.4 - https:\/\/yoast.com\/product\/yoast-seo-wordpress\/ -->\n<title>Appel \u00e0 projets #2 - CreativUp<\/title>\n<meta name=\"description\" content=\"Cet appel \u00e0 projets s\u2019adresse aux entreprises cr\u00e9atives, designers et artistes souhaitant concevoir et tester des exp\u00e9riences immersives, audiovisuelles et interactives \u00e0 partir de la m\u00e9moire et du patrimoine.\" \/>\n<meta name=\"robots\" content=\"index, follow, max-snippet:-1, max-image-preview:large, max-video-preview:-1\" \/>\n<link rel=\"canonical\" href=\"https:\/\/creativup.eu\/nl\/appel-a-projets-2\/\" \/>\n<meta property=\"og:locale\" content=\"nl_BE\" \/>\n<meta property=\"og:type\" content=\"article\" \/>\n<meta property=\"og:title\" content=\"Appel \u00e0 projets #2 - CreativUp\" \/>\n<meta property=\"og:description\" content=\"Cet appel \u00e0 projets s\u2019adresse aux entreprises cr\u00e9atives, designers et artistes souhaitant concevoir et tester des exp\u00e9riences immersives, audiovisuelles et interactives \u00e0 partir de la m\u00e9moire et du patrimoine.\" \/>\n<meta property=\"og:url\" content=\"https:\/\/creativup.eu\/nl\/appel-a-projets-2\/\" \/>\n<meta property=\"og:site_name\" content=\"CreativUp\" \/>\n<meta property=\"article:published_time\" content=\"2026-01-21T13:06:50+00:00\" \/>\n<meta property=\"article:modified_time\" content=\"2026-04-21T08:57:03+00:00\" \/>\n<meta property=\"og:image\" content=\"https:\/\/creativup.eu\/app\/uploads\/2026\/01\/20260119_Call_for_projects_2_FR-e1769000041871.png\" \/>\n\t<meta property=\"og:image:width\" content=\"700\" \/>\n\t<meta property=\"og:image:height\" content=\"700\" \/>\n\t<meta property=\"og:image:type\" content=\"image\/png\" \/>\n<meta name=\"author\" content=\"creativup\" \/>\n<meta name=\"twitter:card\" content=\"summary_large_image\" \/>\n<meta name=\"twitter:label1\" content=\"Geschreven door\" \/>\n\t<meta name=\"twitter:data1\" content=\"creativup\" \/>\n\t<meta name=\"twitter:label2\" content=\"Geschatte leestijd\" \/>\n\t<meta name=\"twitter:data2\" content=\"2 minuten\" \/>\n<script type=\"application\/ld+json\" class=\"yoast-schema-graph\">{\"@context\":\"https:\\\/\\\/schema.org\",\"@graph\":[{\"@type\":\"Article\",\"@id\":\"https:\\\/\\\/creativup.eu\\\/nl\\\/appel-a-projets-2\\\/#article\",\"isPartOf\":{\"@id\":\"https:\\\/\\\/creativup.eu\\\/nl\\\/appel-a-projets-2\\\/\"},\"author\":{\"name\":\"creativup\",\"@id\":\"https:\\\/\\\/creativup.eu\\\/nl\\\/#\\\/schema\\\/person\\\/641c76b6eaaaa3272f0ba717f3208d7c\"},\"headline\":\"Appel \u00e0 projets #2\",\"datePublished\":\"2026-01-21T13:06:50+00:00\",\"dateModified\":\"2026-04-21T08:57:03+00:00\",\"mainEntityOfPage\":{\"@id\":\"https:\\\/\\\/creativup.eu\\\/nl\\\/appel-a-projets-2\\\/\"},\"wordCount\":324,\"publisher\":{\"@id\":\"https:\\\/\\\/creativup.eu\\\/nl\\\/#organization\"},\"image\":{\"@id\":\"https:\\\/\\\/creativup.eu\\\/nl\\\/appel-a-projets-2\\\/#primaryimage\"},\"thumbnailUrl\":\"https:\\\/\\\/creativup.eu\\\/app\\\/uploads\\\/2026\\\/01\\\/20260119_Call_for_projects_2_FR-e1769000041871.png\",\"keywords\":[\"Appel \u00e0 projets #2\"],\"articleSection\":[\"Appel \u00e0 projets\"],\"inLanguage\":\"nl-BE\"},{\"@type\":\"WebPage\",\"@id\":\"https:\\\/\\\/creativup.eu\\\/nl\\\/appel-a-projets-2\\\/\",\"url\":\"https:\\\/\\\/creativup.eu\\\/nl\\\/appel-a-projets-2\\\/\",\"name\":\"Appel \u00e0 projets #2 - CreativUp\",\"isPartOf\":{\"@id\":\"https:\\\/\\\/creativup.eu\\\/nl\\\/#website\"},\"primaryImageOfPage\":{\"@id\":\"https:\\\/\\\/creativup.eu\\\/nl\\\/appel-a-projets-2\\\/#primaryimage\"},\"image\":{\"@id\":\"https:\\\/\\\/creativup.eu\\\/nl\\\/appel-a-projets-2\\\/#primaryimage\"},\"thumbnailUrl\":\"https:\\\/\\\/creativup.eu\\\/app\\\/uploads\\\/2026\\\/01\\\/20260119_Call_for_projects_2_FR-e1769000041871.png\",\"datePublished\":\"2026-01-21T13:06:50+00:00\",\"dateModified\":\"2026-04-21T08:57:03+00:00\",\"description\":\"Cet appel \u00e0 projets s\u2019adresse aux entreprises cr\u00e9atives, designers et artistes souhaitant concevoir et tester des exp\u00e9riences immersives, audiovisuelles et interactives \u00e0 partir de la m\u00e9moire et du patrimoine.\",\"breadcrumb\":{\"@id\":\"https:\\\/\\\/creativup.eu\\\/nl\\\/appel-a-projets-2\\\/#breadcrumb\"},\"inLanguage\":\"nl-BE\",\"potentialAction\":[{\"@type\":\"ReadAction\",\"target\":[\"https:\\\/\\\/creativup.eu\\\/nl\\\/appel-a-projets-2\\\/\"]}]},{\"@type\":\"ImageObject\",\"inLanguage\":\"nl-BE\",\"@id\":\"https:\\\/\\\/creativup.eu\\\/nl\\\/appel-a-projets-2\\\/#primaryimage\",\"url\":\"https:\\\/\\\/creativup.eu\\\/app\\\/uploads\\\/2026\\\/01\\\/20260119_Call_for_projects_2_FR-e1769000041871.png\",\"contentUrl\":\"https:\\\/\\\/creativup.eu\\\/app\\\/uploads\\\/2026\\\/01\\\/20260119_Call_for_projects_2_FR-e1769000041871.png\",\"width\":700,\"height\":700},{\"@type\":\"BreadcrumbList\",\"@id\":\"https:\\\/\\\/creativup.eu\\\/nl\\\/appel-a-projets-2\\\/#breadcrumb\",\"itemListElement\":[{\"@type\":\"ListItem\",\"position\":1,\"name\":\"Accueil\",\"item\":\"https:\\\/\\\/creativup.eu\\\/nl\\\/\"},{\"@type\":\"ListItem\",\"position\":2,\"name\":\"Appel \u00e0 projets #2\"}]},{\"@type\":\"WebSite\",\"@id\":\"https:\\\/\\\/creativup.eu\\\/nl\\\/#website\",\"url\":\"https:\\\/\\\/creativup.eu\\\/nl\\\/\",\"name\":\"CreativUp\",\"description\":\"\",\"publisher\":{\"@id\":\"https:\\\/\\\/creativup.eu\\\/nl\\\/#organization\"},\"potentialAction\":[{\"@type\":\"SearchAction\",\"target\":{\"@type\":\"EntryPoint\",\"urlTemplate\":\"https:\\\/\\\/creativup.eu\\\/nl\\\/?s={search_term_string}\"},\"query-input\":{\"@type\":\"PropertyValueSpecification\",\"valueRequired\":true,\"valueName\":\"search_term_string\"}}],\"inLanguage\":\"nl-BE\"},{\"@type\":\"Organization\",\"@id\":\"https:\\\/\\\/creativup.eu\\\/nl\\\/#organization\",\"name\":\"CreativUp\",\"url\":\"https:\\\/\\\/creativup.eu\\\/nl\\\/\",\"logo\":{\"@type\":\"ImageObject\",\"inLanguage\":\"nl-BE\",\"@id\":\"https:\\\/\\\/creativup.eu\\\/nl\\\/#\\\/schema\\\/logo\\\/image\\\/\",\"url\":\"https:\\\/\\\/creativup.eu\\\/app\\\/uploads\\\/2025\\\/05\\\/logo-CreativUp-RVB-4.jpg\",\"contentUrl\":\"https:\\\/\\\/creativup.eu\\\/app\\\/uploads\\\/2025\\\/05\\\/logo-CreativUp-RVB-4.jpg\",\"width\":1496,\"height\":689,\"caption\":\"CreativUp\"},\"image\":{\"@id\":\"https:\\\/\\\/creativup.eu\\\/nl\\\/#\\\/schema\\\/logo\\\/image\\\/\"},\"sameAs\":[\"https:\\\/\\\/www.linkedin.com\\\/company\\\/105496890\\\/\",\"https:\\\/\\\/www.instagram.com\\\/creativupinterreg\",\"https:\\\/\\\/www.youtube.com\\\/@CreativUp\"]},{\"@type\":\"Person\",\"@id\":\"https:\\\/\\\/creativup.eu\\\/nl\\\/#\\\/schema\\\/person\\\/641c76b6eaaaa3272f0ba717f3208d7c\",\"name\":\"creativup\",\"image\":{\"@type\":\"ImageObject\",\"inLanguage\":\"nl-BE\",\"@id\":\"https:\\\/\\\/secure.gravatar.com\\\/avatar\\\/6f49ae00f329c7fd6a1d5933f0d32abac86c7c5fa0618a48030c53716f5913ec?s=96&d=mm&r=g\",\"url\":\"https:\\\/\\\/secure.gravatar.com\\\/avatar\\\/6f49ae00f329c7fd6a1d5933f0d32abac86c7c5fa0618a48030c53716f5913ec?s=96&d=mm&r=g\",\"contentUrl\":\"https:\\\/\\\/secure.gravatar.com\\\/avatar\\\/6f49ae00f329c7fd6a1d5933f0d32abac86c7c5fa0618a48030c53716f5913ec?s=96&d=mm&r=g\",\"caption\":\"creativup\"},\"sameAs\":[\"https:\\\/\\\/creativup.eu\\\/wordpress\"],\"url\":\"https:\\\/\\\/creativup.eu\\\/nl\\\/author\\\/creativup\\\/\"}]}<\/script>\n<!-- \/ Yoast SEO plugin. -->","yoast_head_json":{"title":"Appel \u00e0 projets #2 - CreativUp","description":"Cet appel \u00e0 projets s\u2019adresse aux entreprises cr\u00e9atives, designers et artistes souhaitant concevoir et tester des exp\u00e9riences immersives, audiovisuelles et interactives \u00e0 partir de la m\u00e9moire et du patrimoine.","robots":{"index":"index","follow":"follow","max-snippet":"max-snippet:-1","max-image-preview":"max-image-preview:large","max-video-preview":"max-video-preview:-1"},"canonical":"https:\/\/creativup.eu\/nl\/appel-a-projets-2\/","og_locale":"nl_BE","og_type":"article","og_title":"Appel \u00e0 projets #2 - CreativUp","og_description":"Cet appel \u00e0 projets s\u2019adresse aux entreprises cr\u00e9atives, designers et artistes souhaitant concevoir et tester des exp\u00e9riences immersives, audiovisuelles et interactives \u00e0 partir de la m\u00e9moire et du patrimoine.","og_url":"https:\/\/creativup.eu\/nl\/appel-a-projets-2\/","og_site_name":"CreativUp","article_published_time":"2026-01-21T13:06:50+00:00","article_modified_time":"2026-04-21T08:57:03+00:00","og_image":[{"width":700,"height":700,"url":"https:\/\/creativup.eu\/app\/uploads\/2026\/01\/20260119_Call_for_projects_2_FR-e1769000041871.png","type":"image\/png"}],"author":"creativup","twitter_card":"summary_large_image","twitter_misc":{"Geschreven door":"creativup","Geschatte leestijd":"2 minuten"},"schema":{"@context":"https:\/\/schema.org","@graph":[{"@type":"Article","@id":"https:\/\/creativup.eu\/nl\/appel-a-projets-2\/#article","isPartOf":{"@id":"https:\/\/creativup.eu\/nl\/appel-a-projets-2\/"},"author":{"name":"creativup","@id":"https:\/\/creativup.eu\/nl\/#\/schema\/person\/641c76b6eaaaa3272f0ba717f3208d7c"},"headline":"Appel \u00e0 projets #2","datePublished":"2026-01-21T13:06:50+00:00","dateModified":"2026-04-21T08:57:03+00:00","mainEntityOfPage":{"@id":"https:\/\/creativup.eu\/nl\/appel-a-projets-2\/"},"wordCount":324,"publisher":{"@id":"https:\/\/creativup.eu\/nl\/#organization"},"image":{"@id":"https:\/\/creativup.eu\/nl\/appel-a-projets-2\/#primaryimage"},"thumbnailUrl":"https:\/\/creativup.eu\/app\/uploads\/2026\/01\/20260119_Call_for_projects_2_FR-e1769000041871.png","keywords":["Appel \u00e0 projets #2"],"articleSection":["Appel \u00e0 projets"],"inLanguage":"nl-BE"},{"@type":"WebPage","@id":"https:\/\/creativup.eu\/nl\/appel-a-projets-2\/","url":"https:\/\/creativup.eu\/nl\/appel-a-projets-2\/","name":"Appel \u00e0 projets #2 - CreativUp","isPartOf":{"@id":"https:\/\/creativup.eu\/nl\/#website"},"primaryImageOfPage":{"@id":"https:\/\/creativup.eu\/nl\/appel-a-projets-2\/#primaryimage"},"image":{"@id":"https:\/\/creativup.eu\/nl\/appel-a-projets-2\/#primaryimage"},"thumbnailUrl":"https:\/\/creativup.eu\/app\/uploads\/2026\/01\/20260119_Call_for_projects_2_FR-e1769000041871.png","datePublished":"2026-01-21T13:06:50+00:00","dateModified":"2026-04-21T08:57:03+00:00","description":"Cet appel \u00e0 projets s\u2019adresse aux entreprises cr\u00e9atives, designers et artistes souhaitant concevoir et tester des exp\u00e9riences immersives, audiovisuelles et interactives \u00e0 partir de la m\u00e9moire et du patrimoine.","breadcrumb":{"@id":"https:\/\/creativup.eu\/nl\/appel-a-projets-2\/#breadcrumb"},"inLanguage":"nl-BE","potentialAction":[{"@type":"ReadAction","target":["https:\/\/creativup.eu\/nl\/appel-a-projets-2\/"]}]},{"@type":"ImageObject","inLanguage":"nl-BE","@id":"https:\/\/creativup.eu\/nl\/appel-a-projets-2\/#primaryimage","url":"https:\/\/creativup.eu\/app\/uploads\/2026\/01\/20260119_Call_for_projects_2_FR-e1769000041871.png","contentUrl":"https:\/\/creativup.eu\/app\/uploads\/2026\/01\/20260119_Call_for_projects_2_FR-e1769000041871.png","width":700,"height":700},{"@type":"BreadcrumbList","@id":"https:\/\/creativup.eu\/nl\/appel-a-projets-2\/#breadcrumb","itemListElement":[{"@type":"ListItem","position":1,"name":"Accueil","item":"https:\/\/creativup.eu\/nl\/"},{"@type":"ListItem","position":2,"name":"Appel \u00e0 projets #2"}]},{"@type":"WebSite","@id":"https:\/\/creativup.eu\/nl\/#website","url":"https:\/\/creativup.eu\/nl\/","name":"CreativUp","description":"","publisher":{"@id":"https:\/\/creativup.eu\/nl\/#organization"},"potentialAction":[{"@type":"SearchAction","target":{"@type":"EntryPoint","urlTemplate":"https:\/\/creativup.eu\/nl\/?s={search_term_string}"},"query-input":{"@type":"PropertyValueSpecification","valueRequired":true,"valueName":"search_term_string"}}],"inLanguage":"nl-BE"},{"@type":"Organization","@id":"https:\/\/creativup.eu\/nl\/#organization","name":"CreativUp","url":"https:\/\/creativup.eu\/nl\/","logo":{"@type":"ImageObject","inLanguage":"nl-BE","@id":"https:\/\/creativup.eu\/nl\/#\/schema\/logo\/image\/","url":"https:\/\/creativup.eu\/app\/uploads\/2025\/05\/logo-CreativUp-RVB-4.jpg","contentUrl":"https:\/\/creativup.eu\/app\/uploads\/2025\/05\/logo-CreativUp-RVB-4.jpg","width":1496,"height":689,"caption":"CreativUp"},"image":{"@id":"https:\/\/creativup.eu\/nl\/#\/schema\/logo\/image\/"},"sameAs":["https:\/\/www.linkedin.com\/company\/105496890\/","https:\/\/www.instagram.com\/creativupinterreg","https:\/\/www.youtube.com\/@CreativUp"]},{"@type":"Person","@id":"https:\/\/creativup.eu\/nl\/#\/schema\/person\/641c76b6eaaaa3272f0ba717f3208d7c","name":"creativup","image":{"@type":"ImageObject","inLanguage":"nl-BE","@id":"https:\/\/secure.gravatar.com\/avatar\/6f49ae00f329c7fd6a1d5933f0d32abac86c7c5fa0618a48030c53716f5913ec?s=96&d=mm&r=g","url":"https:\/\/secure.gravatar.com\/avatar\/6f49ae00f329c7fd6a1d5933f0d32abac86c7c5fa0618a48030c53716f5913ec?s=96&d=mm&r=g","contentUrl":"https:\/\/secure.gravatar.com\/avatar\/6f49ae00f329c7fd6a1d5933f0d32abac86c7c5fa0618a48030c53716f5913ec?s=96&d=mm&r=g","caption":"creativup"},"sameAs":["https:\/\/creativup.eu\/wordpress"],"url":"https:\/\/creativup.eu\/nl\/author\/creativup\/"}]}},"_links":{"self":[{"href":"https:\/\/creativup.eu\/nl\/wp-json\/wp\/v2\/posts\/1250","targetHints":{"allow":["GET"]}}],"collection":[{"href":"https:\/\/creativup.eu\/nl\/wp-json\/wp\/v2\/posts"}],"about":[{"href":"https:\/\/creativup.eu\/nl\/wp-json\/wp\/v2\/types\/post"}],"author":[{"embeddable":true,"href":"https:\/\/creativup.eu\/nl\/wp-json\/wp\/v2\/users\/1"}],"replies":[{"embeddable":true,"href":"https:\/\/creativup.eu\/nl\/wp-json\/wp\/v2\/comments?post=1250"}],"version-history":[{"count":8,"href":"https:\/\/creativup.eu\/nl\/wp-json\/wp\/v2\/posts\/1250\/revisions"}],"predecessor-version":[{"id":1260,"href":"https:\/\/creativup.eu\/nl\/wp-json\/wp\/v2\/posts\/1250\/revisions\/1260"}],"wp:featuredmedia":[{"embeddable":true,"href":"https:\/\/creativup.eu\/nl\/wp-json\/wp\/v2\/media\/1262"}],"wp:attachment":[{"href":"https:\/\/creativup.eu\/nl\/wp-json\/wp\/v2\/media?parent=1250"}],"wp:term":[{"taxonomy":"category","embeddable":true,"href":"https:\/\/creativup.eu\/nl\/wp-json\/wp\/v2\/categories?post=1250"},{"taxonomy":"post_tag","embeddable":true,"href":"https:\/\/creativup.eu\/nl\/wp-json\/wp\/v2\/tags?post=1250"}],"curies":[{"name":"wp","href":"https:\/\/api.w.org\/{rel}","templated":true}]}}